{"id":1550,"date":"2023-04-05T19:21:35","date_gmt":"2023-04-05T17:21:35","guid":{"rendered":"https:\/\/ppp4.wroc.pl\/?p=1550"},"modified":"2023-04-12T19:22:24","modified_gmt":"2023-04-12T17:22:24","slug":"warsztaty-dla-rodzicow-2","status":"publish","type":"post","link":"http:\/\/ppp4.wroc.pl\/index.php\/2023\/04\/05\/warsztaty-dla-rodzicow-2\/","title":{"rendered":"Warsztaty dla rodzic\u00f3w"},"content":{"rendered":"<p style=\"text-align: left;\">Jak radzi\u0107 sobie z trudnymi zachowaniami u dzieci?<br \/>\n(wg metdy Carolle Sutton)<\/p>\n<p style=\"text-align: left;\"><!--more--><\/p>\n<p class=\"western\" lang=\"zxx\" style=\"text-align: left;\" align=\"justify\"><span style=\"font-size: medium;\">Warsztaty adresowane s\u0105 dla <\/span><span style=\"font-size: medium;\"><u><b>rodzic\u00f3w<\/b><\/u><\/span><span style=\"font-size: medium;\"> dzieci w wieku przedszkolnym i m\u0142odszym szkolnym, u kt\u00f3rych rodzice obserwuj\u0105 m.in.<\/span><\/p>\n<ul style=\"text-align: left;\">\n<li>\n<p class=\"western\" lang=\"zxx\" align=\"justify\"><span style=\"font-size: medium;\">problemy emocjonalne,<\/span><\/p>\n<\/li>\n<li>\n<p class=\"western\" lang=\"zxx\" align=\"justify\"><span style=\"font-size: medium;\">nasilone ataki z\u0142o\u015bci,<\/span><\/p>\n<\/li>\n<li>\n<p class=\"western\" lang=\"zxx\" align=\"justify\"><span style=\"font-size: medium;\">niepos\u0142usze\u0144stwo,<\/span><\/p>\n<\/li>\n<li>\n<p class=\"western\" lang=\"zxx\" align=\"justify\"><span style=\"font-size: medium;\">trudno\u015bci z wyra\u017caniem w\u0142asnych uczu\u0107 i potrzeb,<\/span><\/p>\n<\/li>\n<li>\n<p class=\"western\" lang=\"zxx\" align=\"justify\"><span style=\"font-size: medium;\">wycofywanie si\u0119,<\/span><\/p>\n<\/li>\n<li>\n<p class=\"western\" lang=\"zxx\" align=\"justify\"><span style=\"font-size: medium;\">nadmiern\u0105 l\u0119kliwo\u015b\u0107.<\/span><\/p>\n<\/li>\n<\/ul>\n<p class=\"western\" lang=\"zxx\" style=\"text-align: left;\" align=\"center\"><span style=\"font-size: large;\"><b>Miejsce warsztat\u00f3w: <\/b><\/span><\/p>\n<p class=\"western\" lang=\"zxx\" style=\"text-align: left;\" align=\"center\"><span style=\"font-size: medium;\">Poradnia Psychologiczno- Pedagogiczna Nr 4<\/span><\/p>\n<p class=\"western\" lang=\"zxx\" style=\"text-align: left;\" align=\"center\"><span style=\"font-size: medium;\">ul. Jemio\u0142owa 59, Wroc\u0142aw<\/span><\/p>\n<p class=\"western\" lang=\"zxx\" style=\"text-align: left;\" align=\"justify\"><span style=\"font-size: medium;\">Warsztaty prowadzi<\/span><span style=\"font-size: medium;\"><b>: mgr Beata Zi\u00f3\u0142kowska- psycholog w PPP Nr 4<\/b><\/span><\/p>\n<p class=\"western\" lang=\"zxx\" style=\"text-align: left;\" align=\"justify\"><span style=\"font-size: medium;\"><b>Zapisy: w PPP Nr 4 <\/b><\/span><span style=\"font-size: medium;\"><u><b>do 24 kwietnia br.<\/b><\/u><\/span><span style=\"font-size: medium;\"><b>, tel. <\/b><\/span><span style=\"font-size: medium;\"><u><b>71\/798 68 30 wew. 100 <\/b><\/u><\/span><\/p>\n<p class=\"western\" lang=\"zxx\" style=\"text-align: left;\" align=\"justify\"><span style=\"font-size: medium;\"><b>lub e- mail: <a href=\"mailto:sekretariat.ppp4@wroclawskaedukacja.pl\">sekretariat.ppp4@wroclawskaedukacja.pl<\/a><\/b><\/span><\/p>\n<p class=\"western\" lang=\"zxx\" style=\"text-align: left;\" align=\"justify\">Ilo\u015b\u0107 miejsc ograniczona !<\/p>\n<p class=\"western\" lang=\"zxx\" style=\"text-align: left;\" align=\"center\"><span style=\"font-size: large;\"><b>Termin warsztat\u00f3w<\/b><\/span><\/p>\n<p class=\"western\" lang=\"zxx\" style=\"text-align: left;\" align=\"center\"><span style=\"font-size: medium;\"><u><b>do 09.05.2023r.- 06.06.2023r.<\/b><\/u><\/span><\/p>\n<p class=\"western\" lang=\"zxx\" style=\"text-align: left;\" align=\"justify\"><span style=\"font-size: medium;\"><b>Warsztaty odbywaj\u0105 si\u0119 w cyklu \u2013 <\/b><\/span><span style=\"font-size: medium;\"><u><b>5 spotka\u0144 <\/b><\/u><\/span><b> <\/b><span style=\"font-size: medium;\"><b>(1x w tygodniu w ka\u017cdy wtorek)<\/b><\/span><\/p>\n<p class=\"western\" lang=\"zxx\" style=\"text-align: left;\" align=\"justify\"><span style=\"font-size: medium;\"><b>Czas trwania ka\u017cdego spotkania \u2013 <\/b><\/span><span style=\"font-size: medium;\"><u><b>16:00 &#8211; 18:00<\/b><\/u><\/span><span style=\"font-size: medium;\"><b> (2 godziny zegarowe) <\/b><\/span><\/p>\n","protected":false},"excerpt":{"rendered":"<p>Jak radzi\u0107 sobie z trudnymi zachowaniami u dzieci? (wg metdy Carolle Sutton)<\/p>\n","protected":false},"author":3,"featured_media":0,"comment_status":"closed","ping_status":"closed","sticky":false,"template":"","format":"standard","meta":{"footnotes":""},"categories":[3],"tags":[],"class_list":["post-1550","post","type-post","status-publish","format-standard","hentry","category-aktualnosci"],"rttpg_featured_image_url":null,"rttpg_author":{"display_name":"admin","author_link":"http:\/\/ppp4.wroc.pl\/index.php\/author\/admin\/"},"rttpg_comment":0,"rttpg_category":"<a href=\"http:\/\/ppp4.wroc.pl\/index.php\/category\/aktualnosci\/\" rel=\"category tag\">Aktualno\u015bci<\/a>","rttpg_excerpt":"Jak radzi\u0107 sobie z trudnymi zachowaniami u dzieci? (wg metdy Carolle Sutton)","_links":{"self":[{"href":"http:\/\/ppp4.wroc.pl\/index.php\/wp-json\/wp\/v2\/posts\/1550","targetHints":{"allow":["GET"]}}],"collection":[{"href":"http:\/\/ppp4.wroc.pl\/index.php\/wp-json\/wp\/v2\/posts"}],"about":[{"href":"http:\/\/ppp4.wroc.pl\/index.php\/wp-json\/wp\/v2\/types\/post"}],"author":[{"embeddable":true,"href":"http:\/\/ppp4.wroc.pl\/index.php\/wp-json\/wp\/v2\/users\/3"}],"replies":[{"embeddable":true,"href":"http:\/\/ppp4.wroc.pl\/index.php\/wp-json\/wp\/v2\/comments?post=1550"}],"version-history":[{"count":2,"href":"http:\/\/ppp4.wroc.pl\/index.php\/wp-json\/wp\/v2\/posts\/1550\/revisions"}],"predecessor-version":[{"id":1552,"href":"http:\/\/ppp4.wroc.pl\/index.php\/wp-json\/wp\/v2\/posts\/1550\/revisions\/1552"}],"wp:attachment":[{"href":"http:\/\/ppp4.wroc.pl\/index.php\/wp-json\/wp\/v2\/media?parent=1550"}],"wp:term":[{"taxonomy":"category","embeddable":true,"href":"http:\/\/ppp4.wroc.pl\/index.php\/wp-json\/wp\/v2\/categories?post=1550"},{"taxonomy":"post_tag","embeddable":true,"href":"http:\/\/ppp4.wroc.pl\/index.php\/wp-json\/wp\/v2\/tags?post=1550"}],"curies":[{"name":"wp","href":"https:\/\/api.w.org\/{rel}","templated":true}]}}