{"id":89,"date":"2020-08-29T19:53:32","date_gmt":"2020-08-29T17:53:32","guid":{"rendered":"http:\/\/ppp4.ppp9wro.hostilla.pl\/?p=89"},"modified":"2020-10-30T18:28:15","modified_gmt":"2020-10-30T17:28:15","slug":"organizacja-pracy-poradni-od-dnia-23-marca-2020-r-do-odwolania","status":"publish","type":"post","link":"https:\/\/ppp4.wroc.pl\/index.php\/2020\/08\/29\/organizacja-pracy-poradni-od-dnia-23-marca-2020-r-do-odwolania\/","title":{"rendered":"Organizacja pracy poradni od dnia 23 marca 2020 r. do odwo\u0142ania"},"content":{"rendered":"<p>Szanowni Pa\u0144stwo,<br \/>\ninformujemy, \u017ce zgodnie z Rozporz\u0105dzeniem MEN z dnia 29 kwietnia 2020 r. zmieniaj\u0105cym rozporz\u0105dzenie w sprawie czasowego ograniczenia funkcjonowania jednostek systemu o\u015bwiaty w&nbsp;zwi\u0105zku z zapobieganiem, przeciwdzia\u0142aniem i zwalczaniem COVID-19, poradnia od 4.05.2020 r. <strong>wznawia dzia\u0142alno\u015b\u0107 diagnostyczn\u0105 w formie bezpo\u015bredniej pracy w zakresie koniecznym do wydania dokument\u00f3w niezb\u0119dnych do organizacji kszta\u0142cenia dzieci i m\u0142odzie\u017cy odpowiedniego do ich potrzeb<\/strong>.<br \/>\nPracownicy poradni b\u0119d\u0105 nadal udziela\u0107 Pa\u0144stwu wsparcia i pomocy psychologiczno-pedagogicznej w&nbsp;spos\u00f3b zdalny.<br \/>\nZe wzgl\u0119du na obowi\u0105zuj\u0105cy stan epidemii w pierwszej kolejno\u015bci zaproponujemy wizyty diagnostyczne wszystkim tym klientom, kt\u00f3rych wizyty zosta\u0142y odwo\u0142ane z powodu ograniczenia dzia\u0142alno\u015bci poradni, a dotyczy\u0142y uzyskania orzeczenia o potrzebie kszta\u0142cenia specjalnego, odroczenia obowi\u0105zku szkolnego, opinii WWR&nbsp; oraz&nbsp; edukacji domowej. Prosimy o oczekiwanie na&nbsp;informacje z naszej strony.<br \/>\nOd 11.05.2020 r. dla klient\u00f3w nieum\u00f3wionych wznawiamy rejestracj\u0119 telefoniczn\u0105.<strong><br \/>\n<\/strong><\/p>\n<p>dy\u017cur telefoniczny sekretariatu dla klient\u00f3w Poradni 9:00 &#8211; 15:00<\/p>\n<p>dy\u017cur telefoniczny dyrektora Poradni dla klient\u00f3w Poradni 12:00 &#8211; 13:00<br \/>\n717986830 wew. 101<\/p>\n","protected":false},"excerpt":{"rendered":"<p>Szanowni Pa\u0144stwo, informujemy, \u017ce zgodnie z Rozporz\u0105dzeniem MEN z dnia 29 kwietnia 2020 r. zmieniaj\u0105cym rozporz\u0105dzenie w sprawie czasowego ograniczenia funkcjonowania jednostek systemu o\u015bwiaty w&nbsp;zwi\u0105zku z zapobieganiem, przeciwdzia\u0142aniem i zwalczaniem COVID-19, poradnia od 4.05.2020 r. wznawia dzia\u0142alno\u015b\u0107 diagnostyczn\u0105 w formie<\/p>\n","protected":false},"author":3,"featured_media":317,"comment_status":"open","ping_status":"closed","sticky":false,"template":"","format":"standard","meta":{"footnotes":""},"categories":[3],"tags":[],"class_list":["post-89","post","type-post","status-publish","format-standard","has-post-thumbnail","hentry","category-aktualnosci"],"rttpg_featured_image_url":{"full":["https:\/\/ppp4.wroc.pl\/wp-content\/uploads\/2020\/10\/info.png",1280,1280,false],"landscape":["https:\/\/ppp4.wroc.pl\/wp-content\/uploads\/2020\/10\/info.png",1280,1280,false],"portraits":["https:\/\/ppp4.wroc.pl\/wp-content\/uploads\/2020\/10\/info.png",1280,1280,false],"thumbnail":["https:\/\/ppp4.wroc.pl\/wp-content\/uploads\/2020\/10\/info-150x150.png",150,150,true],"medium":["https:\/\/ppp4.wroc.pl\/wp-content\/uploads\/2020\/10\/info-300x300.png",300,300,true],"large":["https:\/\/ppp4.wroc.pl\/wp-content\/uploads\/2020\/10\/info-1024x1024.png",750,750,true],"1536x1536":["https:\/\/ppp4.wroc.pl\/wp-content\/uploads\/2020\/10\/info.png",1280,1280,false],"2048x2048":["https:\/\/ppp4.wroc.pl\/wp-content\/uploads\/2020\/10\/info.png",1280,1280,false],"featured-blog-large":["https:\/\/ppp4.wroc.pl\/wp-content\/uploads\/2020\/10\/info-750x350.png",750,350,true],"featured-blog-medium":["https:\/\/ppp4.wroc.pl\/wp-content\/uploads\/2020\/10\/info-270x270.png",270,270,true],"featured":["https:\/\/ppp4.wroc.pl\/wp-content\/uploads\/2020\/10\/info-642x300.png",642,300,true],"featured-blog-medium-small":["https:\/\/ppp4.wroc.pl\/wp-content\/uploads\/2020\/10\/info-230x230.png",230,230,true],"sow-carousel-default":["https:\/\/ppp4.wroc.pl\/wp-content\/uploads\/2020\/10\/info-272x182.png",272,182,true]},"rttpg_author":{"display_name":"admin","author_link":"https:\/\/ppp4.wroc.pl\/index.php\/author\/admin\/"},"rttpg_comment":0,"rttpg_category":"<a href=\"https:\/\/ppp4.wroc.pl\/index.php\/category\/aktualnosci\/\" rel=\"category tag\">Aktualno\u015bci<\/a>","rttpg_excerpt":"Szanowni Pa\u0144stwo, informujemy, \u017ce zgodnie z Rozporz\u0105dzeniem MEN z dnia 29 kwietnia 2020 r. zmieniaj\u0105cym rozporz\u0105dzenie w sprawie czasowego ograniczenia funkcjonowania jednostek systemu o\u015bwiaty w&nbsp;zwi\u0105zku z zapobieganiem, przeciwdzia\u0142aniem i zwalczaniem COVID-19, poradnia od 4.05.2020 r. wznawia dzia\u0142alno\u015b\u0107 diagnostyczn\u0105 w formie","_links":{"self":[{"href":"https:\/\/ppp4.wroc.pl\/index.php\/wp-json\/wp\/v2\/posts\/89","targetHints":{"allow":["GET"]}}],"collection":[{"href":"https:\/\/ppp4.wroc.pl\/index.php\/wp-json\/wp\/v2\/posts"}],"about":[{"href":"https:\/\/ppp4.wroc.pl\/index.php\/wp-json\/wp\/v2\/types\/post"}],"author":[{"embeddable":true,"href":"https:\/\/ppp4.wroc.pl\/index.php\/wp-json\/wp\/v2\/users\/3"}],"replies":[{"embeddable":true,"href":"https:\/\/ppp4.wroc.pl\/index.php\/wp-json\/wp\/v2\/comments?post=89"}],"version-history":[{"count":2,"href":"https:\/\/ppp4.wroc.pl\/index.php\/wp-json\/wp\/v2\/posts\/89\/revisions"}],"predecessor-version":[{"id":123,"href":"https:\/\/ppp4.wroc.pl\/index.php\/wp-json\/wp\/v2\/posts\/89\/revisions\/123"}],"wp:featuredmedia":[{"embeddable":true,"href":"https:\/\/ppp4.wroc.pl\/index.php\/wp-json\/wp\/v2\/media\/317"}],"wp:attachment":[{"href":"https:\/\/ppp4.wroc.pl\/index.php\/wp-json\/wp\/v2\/media?parent=89"}],"wp:term":[{"taxonomy":"category","embeddable":true,"href":"https:\/\/ppp4.wroc.pl\/index.php\/wp-json\/wp\/v2\/categories?post=89"},{"taxonomy":"post_tag","embeddable":true,"href":"https:\/\/ppp4.wroc.pl\/index.php\/wp-json\/wp\/v2\/tags?post=89"}],"curies":[{"name":"wp","href":"https:\/\/api.w.org\/{rel}","templated":true}]}}