{"id":91,"date":"2020-08-29T19:54:22","date_gmt":"2020-08-29T17:54:22","guid":{"rendered":"http:\/\/ppp4.ppp9wro.hostilla.pl\/?p=91"},"modified":"2020-08-30T09:34:16","modified_gmt":"2020-08-30T07:34:16","slug":"przerwa-statutowa-pracownikow-merytorycznych","status":"publish","type":"post","link":"https:\/\/ppp4.wroc.pl\/index.php\/2020\/08\/29\/przerwa-statutowa-pracownikow-merytorycznych\/","title":{"rendered":"przerwa statutowa pracownik\u00f3w merytorycznych"},"content":{"rendered":"<p>Poradnia Psychologiczno-Pedagogiczna nr 4 b\u0119dzie zamkni\u0119ta dla klient\u00f3w poradni w dniach <strong>20.07.20 \u2013 14.08.20<\/strong> ( przerwa statutowa pracownik\u00f3w merytorycznych ). Sekretariat poradni b\u0119dzie nieczynny w dniach <strong>3.08.20-14.08.20<\/strong><\/p>\n","protected":false},"excerpt":{"rendered":"<p>Poradnia Psychologiczno-Pedagogiczna nr 4 b\u0119dzie zamkni\u0119ta dla klient\u00f3w poradni w dniach 20.07.20 \u2013 14.08.20 ( przerwa statutowa pracownik\u00f3w merytorycznych ). Sekretariat poradni b\u0119dzie nieczynny w dniach 3.08.20-14.08.20<\/p>\n","protected":false},"author":3,"featured_media":119,"comment_status":"open","ping_status":"closed","sticky":false,"template":"","format":"standard","meta":{"footnotes":""},"categories":[3],"tags":[],"class_list":["post-91","post","type-post","status-publish","format-standard","has-post-thumbnail","hentry","category-aktualnosci"],"rttpg_featured_image_url":{"full":["https:\/\/ppp4.wroc.pl\/wp-content\/uploads\/2020\/08\/summer-5341326_640.jpg",640,640,false],"landscape":["https:\/\/ppp4.wroc.pl\/wp-content\/uploads\/2020\/08\/summer-5341326_640.jpg",640,640,false],"portraits":["https:\/\/ppp4.wroc.pl\/wp-content\/uploads\/2020\/08\/summer-5341326_640.jpg",640,640,false],"thumbnail":["https:\/\/ppp4.wroc.pl\/wp-content\/uploads\/2020\/08\/summer-5341326_640-150x150.jpg",150,150,true],"medium":["https:\/\/ppp4.wroc.pl\/wp-content\/uploads\/2020\/08\/summer-5341326_640-300x300.jpg",300,300,true],"large":["https:\/\/ppp4.wroc.pl\/wp-content\/uploads\/2020\/08\/summer-5341326_640.jpg",640,640,false],"1536x1536":["https:\/\/ppp4.wroc.pl\/wp-content\/uploads\/2020\/08\/summer-5341326_640.jpg",640,640,false],"2048x2048":["https:\/\/ppp4.wroc.pl\/wp-content\/uploads\/2020\/08\/summer-5341326_640.jpg",640,640,false],"featured-blog-large":["https:\/\/ppp4.wroc.pl\/wp-content\/uploads\/2020\/08\/summer-5341326_640-640x350.jpg",640,350,true],"featured-blog-medium":["https:\/\/ppp4.wroc.pl\/wp-content\/uploads\/2020\/08\/summer-5341326_640-270x270.jpg",270,270,true],"featured":["https:\/\/ppp4.wroc.pl\/wp-content\/uploads\/2020\/08\/summer-5341326_640-640x300.jpg",640,300,true],"featured-blog-medium-small":["https:\/\/ppp4.wroc.pl\/wp-content\/uploads\/2020\/08\/summer-5341326_640-230x230.jpg",230,230,true],"sow-carousel-default":["https:\/\/ppp4.wroc.pl\/wp-content\/uploads\/2020\/08\/summer-5341326_640-272x182.jpg",272,182,true]},"rttpg_author":{"display_name":"admin","author_link":"https:\/\/ppp4.wroc.pl\/index.php\/author\/admin\/"},"rttpg_comment":0,"rttpg_category":"<a href=\"https:\/\/ppp4.wroc.pl\/index.php\/category\/aktualnosci\/\" rel=\"category tag\">Aktualno\u015bci<\/a>","rttpg_excerpt":"Poradnia Psychologiczno-Pedagogiczna nr 4 b\u0119dzie zamkni\u0119ta dla klient\u00f3w poradni w dniach 20.07.20 \u2013 14.08.20 ( przerwa statutowa pracownik\u00f3w merytorycznych ). Sekretariat poradni b\u0119dzie nieczynny w dniach 3.08.20-14.08.20","_links":{"self":[{"href":"https:\/\/ppp4.wroc.pl\/index.php\/wp-json\/wp\/v2\/posts\/91","targetHints":{"allow":["GET"]}}],"collection":[{"href":"https:\/\/ppp4.wroc.pl\/index.php\/wp-json\/wp\/v2\/posts"}],"about":[{"href":"https:\/\/ppp4.wroc.pl\/index.php\/wp-json\/wp\/v2\/types\/post"}],"author":[{"embeddable":true,"href":"https:\/\/ppp4.wroc.pl\/index.php\/wp-json\/wp\/v2\/users\/3"}],"replies":[{"embeddable":true,"href":"https:\/\/ppp4.wroc.pl\/index.php\/wp-json\/wp\/v2\/comments?post=91"}],"version-history":[{"count":1,"href":"https:\/\/ppp4.wroc.pl\/index.php\/wp-json\/wp\/v2\/posts\/91\/revisions"}],"predecessor-version":[{"id":92,"href":"https:\/\/ppp4.wroc.pl\/index.php\/wp-json\/wp\/v2\/posts\/91\/revisions\/92"}],"wp:featuredmedia":[{"embeddable":true,"href":"https:\/\/ppp4.wroc.pl\/index.php\/wp-json\/wp\/v2\/media\/119"}],"wp:attachment":[{"href":"https:\/\/ppp4.wroc.pl\/index.php\/wp-json\/wp\/v2\/media?parent=91"}],"wp:term":[{"taxonomy":"category","embeddable":true,"href":"https:\/\/ppp4.wroc.pl\/index.php\/wp-json\/wp\/v2\/categories?post=91"},{"taxonomy":"post_tag","embeddable":true,"href":"https:\/\/ppp4.wroc.pl\/index.php\/wp-json\/wp\/v2\/tags?post=91"}],"curies":[{"name":"wp","href":"https:\/\/api.w.org\/{rel}","templated":true}]}}